[{"@context":"https:\/\/schema.org\/","@type":"Article","@id":"https:\/\/www.fkbm1909.cz\/za-svymi-nakupy-zamirte-k-nam\/#Article","mainEntityOfPage":"https:\/\/www.fkbm1909.cz\/za-svymi-nakupy-zamirte-k-nam\/","headline":"Za sv\u00fdmi n\u00e1kupy zami\u0159te k n\u00e1m","name":"Za sv\u00fdmi n\u00e1kupy zami\u0159te k n\u00e1m","description":"M\u00e1te r\u00e1di hezk\u00e9 oble\u010den\u00ed? Mo\u017en\u00e1 si \u0159eknete, \u017ee je to hloup\u00e1 ot\u00e1zka. V\u0161ichni si ho p\u0159ejeme. Pak nen\u00ed nic jednodu\u0161\u0161\u00edho ne\u017e se vydat za n\u00e1mi. U n\u00e1s je k dost\u00e1n\u00ed v \u0161irok\u00e9 nab\u00eddce. Kdo chce sukni, m\u016f\u017ee si ji u n\u00e1s koupit. Jin\u00e9ho pot\u011b\u0161\u00edme nov\u00fdm kab\u00e1tem. Je tady toho dost pro na\u0161e mu\u017ee i \u017eeny, [&hellip;]","datePublished":"2025-01-07","dateModified":"2025-01-07","author":{"@type":"Person","@id":"https:\/\/www.fkbm1909.cz\/author\/#Person","name":"","url":"https:\/\/www.fkbm1909.cz\/author\/","identifier":1,"image":{"@type":"ImageObject","@id":"https:\/\/secure.gravatar.com\/avatar\/b70ca3e57a61efa655568ea1bab21ec867ae74beaf8b182b9ca53fe6fcb8cee7?s=96&d=mm&r=g","url":"https:\/\/secure.gravatar.com\/avatar\/b70ca3e57a61efa655568ea1bab21ec867ae74beaf8b182b9ca53fe6fcb8cee7?s=96&d=mm&r=g","height":96,"width":96}},"publisher":{"@type":"Organization","name":"fkbm1909.cz","logo":{"@type":"ImageObject","@id":"\/logo.png","url":"\/logo.png","width":600,"height":60}},"url":"https:\/\/www.fkbm1909.cz\/za-svymi-nakupy-zamirte-k-nam\/","wordCount":197,"articleBody":"M\u00e1te r\u00e1di hezk\u00e9 oble\u010den\u00ed? Mo\u017en\u00e1 si \u0159eknete, \u017ee je to hloup\u00e1 ot\u00e1zka. V\u0161ichni si ho p\u0159ejeme. Pak nen\u00ed nic jednodu\u0161\u0161\u00edho ne\u017e se vydat za n\u00e1mi. U n\u00e1s je k dost\u00e1n\u00ed v \u0161irok\u00e9 nab\u00eddce. Kdo chce sukni, m\u016f\u017ee si ji u n\u00e1s koupit. Jin\u00e9ho pot\u011b\u0161\u00edme nov\u00fdm kab\u00e1tem. Je tady toho dost pro na\u0161e mu\u017ee i \u017eeny, ale i d\u011bti. Samy ji\u017e dovedou \u0159\u00edct, co se jim l\u00edb\u00ed. V zim\u011b se neobejdete bez d\u00e1msk\u00fdch bund. Ud\u011blejte si radost nov\u00fdm oble\u010den\u00edm Upozor\u0148ujeme t\u00edmto v\u0161echny z\u00e1kazn\u00edky na mo\u017enost zakoupen\u00ed kr\u00e1sn\u00e9ho a modern\u00edho textilu. Vypravte se k n\u00e1m a m\u016f\u017eete ho vid\u011bt. Je u\u0161ito z prvot\u0159\u00eddn\u00edch materi\u00e1l\u016f. Ur\u010dit\u011b ocen\u00edte i jeho cenovou p\u0159\u00edstupnost. Vezm\u011bte s sebou i d\u011bti a man\u017eela. Ur\u010dit\u011b i oni cht\u011bj\u00ed vid\u011bt, co jsme si pro n\u011b p\u0159ipravili. M\u016f\u017eete m\u00edt i d\u00e1msk\u00e9 bundy. \u010cek\u00e1me pr\u00e1v\u011b na v\u00e1s.                                                                                                                                                                                                                                                                                                                                                                                        3.7\/5 - (3 votes)        "},{"@context":"https:\/\/schema.org\/","@type":"BreadcrumbList","itemListElement":[{"@type":"ListItem","position":1,"name":"Za sv\u00fdmi n\u00e1kupy zami\u0159te k n\u00e1m","item":"https:\/\/www.fkbm1909.cz\/za-svymi-nakupy-zamirte-k-nam\/#breadcrumbitem"}]}]