[{"@context":"https:\/\/schema.org\/","@type":"Article","@id":"https:\/\/www.fkbm1909.cz\/svetlo-na-konci-tunelu-vidina-klidneho-leta-nas-zene-vpred\/#Article","mainEntityOfPage":"https:\/\/www.fkbm1909.cz\/svetlo-na-konci-tunelu-vidina-klidneho-leta-nas-zene-vpred\/","headline":"Sv\u011btlo na konci tunelu? Vidina klidn\u00e9ho l\u00e9ta n\u00e1s \u017eene vp\u0159ed.","name":"Sv\u011btlo na konci tunelu? Vidina klidn\u00e9ho l\u00e9ta n\u00e1s \u017eene vp\u0159ed.","description":"Po dlouh\u00e9 zim\u011b V\u011bt\u0161inou v \u00fanoru nebo na za\u010d\u00e1tku b\u0159ezna za\u010d\u00edn\u00e1me ve vzduchu c\u00edtit jaro. Je to takov\u00fd ten tepl\u00fd vzduch a \u0161vito\u0159en\u00ed pt\u00e1\u010dk\u016f. S nad\u0161en\u00edm odhazujeme zimn\u00ed bundy a koza\u010dky a m\u016f\u017eeme opr\u00e1\u0161it slune\u010dn\u00ed br\u00fdle. Ale zima se je\u0161t\u011b nechce vzd\u00e1t a v\u011bt\u0161inou se na p\u00e1r dn\u00ed je\u0161t\u011b vr\u00e1t\u00ed. Proto\u017ee jsme to s t\u00edm [&hellip;]","datePublished":"2021-02-18","dateModified":"2023-05-05","author":{"@type":"Person","@id":"https:\/\/www.fkbm1909.cz\/author\/#Person","name":"","url":"https:\/\/www.fkbm1909.cz\/author\/","identifier":1,"image":{"@type":"ImageObject","@id":"https:\/\/secure.gravatar.com\/avatar\/b70ca3e57a61efa655568ea1bab21ec867ae74beaf8b182b9ca53fe6fcb8cee7?s=96&d=mm&r=g","url":"https:\/\/secure.gravatar.com\/avatar\/b70ca3e57a61efa655568ea1bab21ec867ae74beaf8b182b9ca53fe6fcb8cee7?s=96&d=mm&r=g","height":96,"width":96}},"publisher":{"@type":"Organization","name":"fkbm1909.cz","logo":{"@type":"ImageObject","@id":"\/logo.png","url":"\/logo.png","width":600,"height":60}},"image":{"@type":"ImageObject","@id":"https:\/\/www.fkbm1909.cz\/wp-content\/uploads\/op%C3%A9k%C3%A1n%C3%AD_bu%C5%99t%C5%AF_1.jpg","url":"https:\/\/www.fkbm1909.cz\/wp-content\/uploads\/op%C3%A9k%C3%A1n%C3%AD_bu%C5%99t%C5%AF_1.jpg","height":0,"width":0},"url":"https:\/\/www.fkbm1909.cz\/svetlo-na-konci-tunelu-vidina-klidneho-leta-nas-zene-vpred\/","about":["N\u00e1kupy"],"wordCount":450,"articleBody":"       Po dlouh\u00e9 zim\u011bV\u011bt\u0161inou v \u00fanoru nebo na za\u010d\u00e1tku b\u0159ezna za\u010d\u00edn\u00e1me ve vzduchu c\u00edtit jaro. Je to takov\u00fd ten tepl\u00fd vzduch a \u0161vito\u0159en\u00ed pt\u00e1\u010dk\u016f. S nad\u0161en\u00edm odhazujeme zimn\u00ed bundy a koza\u010dky a m\u016f\u017eeme opr\u00e1\u0161it slune\u010dn\u00ed br\u00fdle. Ale zima se je\u0161t\u011b nechce vzd\u00e1t a v\u011bt\u0161inou se na p\u00e1r dn\u00ed je\u0161t\u011b vr\u00e1t\u00ed. Proto\u017ee jsme to s t\u00edm odhazov\u00e1n\u00edm bund p\u0159ehnali, p\u0159epadne n\u00e1s \u0161kr\u00e1b\u00e1n\u00ed v krku a r\u00fdma. Ale jakmile se p\u0159ehoupne prvn\u00ed jarn\u00ed den, nen\u00ed pochyb, \u017ee u\u017e budeme moci kone\u010dn\u011b tr\u00e1vit \u010das venku. Do sk\u0159\u00edn\u011b m\u016f\u017eeme definitivn\u011b uklidit p\u00e9\u0159ov\u00e9 bundy a kab\u00e1ty a m\u016f\u017eeme opr\u00e1\u0161it na\u0161e jarn\u00ed modely. Ty lo\u0148sk\u00e9 budou zcela neokoukan\u00e9, proto\u017ee vloni touto dobou jsme mohli pouze na balkon \u010di zahradu.S p\u0159\u00e1teli na zahrad\u011bSou\u010dasn\u00e1 pandemick\u00e1 situace je\u0161t\u011b v\u00edc podtrhla \u010dek\u00e1n\u00ed na jaro. V\u0161ichni douf\u00e1me, \u017ee virus d\u00edky tepl\u00e9mu po\u010das\u00ed zesl\u00e1bne a my se alespo\u0148 \u010d\u00e1ste\u010dn\u011b budeme moci vr\u00e1tit k b\u011b\u017en\u00e9mu \u017eivotu. Pravda, \u017ee otev\u0159en\u00ed \u0161kol \u010di slu\u017eeb je v nedohlednu, ale pozvat sousedy na op\u00e9k\u00e1n\u00ed bu\u0159t\u016f snad budeme moci. V\u0161ichni jsme byli p\u0159\u00edli\u0161 dlouho od\u0159\u00edznut\u00ed od sv\u011bta a soci\u00e1ln\u00edch kontakt\u016f a pro mnoho z n\u00e1s je tato izolace \u010d\u00edm d\u00e1l t\u011b\u017e\u0161\u00ed. Proto pokud dodr\u017e\u00edte z\u00e1kladn\u00ed pravidla jako je odstup dva metry a desinfekce rukou, nemus\u00edte se b\u00e1t si se sousedy norm\u00e1ln\u011b pokl\u00e1bosit. \u010clov\u011bk je tvor soci\u00e1ln\u00ed a kontakt jednodu\u0161e pot\u0159ebuje.Letn\u00ed grilov\u00e1n\u00edA na l\u00e9to se snad t\u011b\u0161\u00ed \u00fapln\u011b ka\u017ed\u00fd. Mo\u017en\u00e1 to letos bude s dovolen\u00fdmi trochu komplikovan\u011bj\u0161\u00ed a v \u010desk\u00fdch hotel\u00edch \u010di kempech bude p\u0159elidn\u011bno, ale vidina alespo\u0148 n\u011bkolika denn\u00edho \u00faniku ze stereotypu, n\u00e1m d\u00e1v\u00e1 nad\u011bji. Pokud m\u00e1te zahradu, vyu\u017eijte ji pro oslavy s va\u0161imi bl\u00edzk\u00fdmi, kter\u00e9 jste i n\u011bkolik m\u011bs\u00edc\u016f nevid\u011bli.  Obstarejte n\u011bjak\u00e9 maso na gril, p\u00edpu a u\u017e\u00edvejte si spole\u010dn\u011b str\u00e1ven\u00e9 chv\u00edle. Kdo v\u00ed, jak bude vypadat podzim a zima. I kdy\u017e v\u011b\u0159\u00edm, \u017ee bude prob\u00edhat o\u010dkov\u00e1n\u00ed v mnohem v\u011bt\u0161\u00ed m\u00ed\u0159e ne\u017e doposud a my se kone\u010dn\u011b nebudeme muset b\u00e1t, \u017ee na n\u00e1s nezbude m\u00edsto v nemocnici, nebo \u017ee n\u00e1s nebude m\u00edt kdo o\u0161et\u0159it.                                                                                                                                                                                                                                                                                                                                                                                          4.4\/5 - (9 votes)        "},{"@context":"https:\/\/schema.org\/","@type":"BreadcrumbList","itemListElement":[{"@type":"ListItem","position":1,"name":"Sv\u011btlo na konci tunelu? Vidina klidn\u00e9ho l\u00e9ta n\u00e1s \u017eene vp\u0159ed.","item":"https:\/\/www.fkbm1909.cz\/svetlo-na-konci-tunelu-vidina-klidneho-leta-nas-zene-vpred\/#breadcrumbitem"}]}]