[{"@context":"https:\/\/schema.org\/","@type":"Article","@id":"https:\/\/www.fkbm1909.cz\/problemy-ktere-trapi-dnesni-spolecnost\/#Article","mainEntityOfPage":"https:\/\/www.fkbm1909.cz\/problemy-ktere-trapi-dnesni-spolecnost\/","headline":"Probl\u00e9my, kter\u00e9 tr\u00e1p\u00ed dne\u0161n\u00ed spole\u010dnost","name":"Probl\u00e9my, kter\u00e9 tr\u00e1p\u00ed dne\u0161n\u00ed spole\u010dnost","description":"Kdybyste se dnes zeptali kohokoliv na to, jak\u00e9 probl\u00e9my ho nejv\u00edce tr\u00e1p\u00ed, bylo by to z\u0159ejm\u011b zdra\u017eov\u00e1n\u00ed, migrace, dne\u0161n\u00ed politick\u00e1 sc\u00e9na a podobn\u011b. Toto v\u0161e jsou samoz\u0159ejm\u011b v\u011bci, kter\u00e9 je pot\u0159eba \u0159e\u0161it, a to \u0159e\u0161it konstruktivn\u011b a p\u0159edev\u0161\u00edm bez emoc\u00ed. Ani jedno v\u0161ak podle mne nen\u00ed t\u00edm nejv\u011bt\u0161\u00edm probl\u00e9mem. \u00a0 T\u00edm hlavn\u00edm probl\u00e9mem u n\u00e1s [&hellip;]","datePublished":"2019-10-24","dateModified":"2023-05-05","author":{"@type":"Person","@id":"https:\/\/www.fkbm1909.cz\/author\/#Person","name":"","url":"https:\/\/www.fkbm1909.cz\/author\/","identifier":1,"image":{"@type":"ImageObject","@id":"https:\/\/secure.gravatar.com\/avatar\/b70ca3e57a61efa655568ea1bab21ec867ae74beaf8b182b9ca53fe6fcb8cee7?s=96&d=mm&r=g","url":"https:\/\/secure.gravatar.com\/avatar\/b70ca3e57a61efa655568ea1bab21ec867ae74beaf8b182b9ca53fe6fcb8cee7?s=96&d=mm&r=g","height":96,"width":96}},"publisher":{"@type":"Organization","name":"fkbm1909.cz","logo":{"@type":"ImageObject","@id":"\/logo.png","url":"\/logo.png","width":600,"height":60}},"image":{"@type":"ImageObject","@id":"https:\/\/www.fkbm1909.cz\/wp-content\/uploads\/img_a358178_w3894_t1572440891.jpg","url":"https:\/\/www.fkbm1909.cz\/wp-content\/uploads\/img_a358178_w3894_t1572440891.jpg","height":0,"width":0},"url":"https:\/\/www.fkbm1909.cz\/problemy-ktere-trapi-dnesni-spolecnost\/","about":["Spole\u010dnost"],"wordCount":674,"articleBody":"Kdybyste se dnes zeptali kohokoliv na to, jak\u00e9 probl\u00e9my ho nejv\u00edce tr\u00e1p\u00ed, bylo by to z\u0159ejm\u011b zdra\u017eov\u00e1n\u00ed, migrace, dne\u0161n\u00ed politick\u00e1 sc\u00e9na a podobn\u011b. Toto v\u0161e jsou samoz\u0159ejm\u011b v\u011bci, kter\u00e9 je pot\u0159eba \u0159e\u0161it, a to \u0159e\u0161it konstruktivn\u011b a p\u0159edev\u0161\u00edm bez emoc\u00ed. Ani jedno v\u0161ak podle mne nen\u00ed t\u00edm nejv\u011bt\u0161\u00edm probl\u00e9mem.\u00a0T\u00edm hlavn\u00edm probl\u00e9mem u n\u00e1s je v\u00a0dne\u0161n\u00ed dob\u011b populismus. Pou\u017e\u00edvaj\u00ed ho nejen politici, ale i m\u00e9dia. Jejich c\u00edlem je z\u00edskat voli\u010de\/div\u00e1ky na svou stranu. Klasickou taktikou je zveli\u010dov\u00e1n\u00ed ur\u010dit\u00fdch probl\u00e9m\u016f a kladen\u00ed d\u016frazu na emoce m\u00edsto na konstruktivn\u00ed debatu a nalezen\u00ed \u0159e\u0161en\u00ed. Populisti\u010dt\u00ed politici tak\u00e9 \u010dasto ve sv\u00e9m volebn\u00edm programu d\u00e1vaj\u00ed sliby, kter\u00e9 nemohou splnit, a to i z\u00a0d\u016fvodu, \u017ee ani po zvolen\u00ed k\u00a0tomu nebudou m\u00edt pravomoci. P\u0159\u00edkladem m\u016f\u017ee b\u00fdt ot\u00e1zka p\u0159ijet\u00ed Eura v\u00a0prezidentsk\u00fdch volb\u00e1ch, a\u010d funkce prezidenta je p\u0159edev\u0161\u00edm reprezentativn\u00ed a o p\u0159ijet\u00ed \u010di nep\u0159ijet\u00ed Eura nerozhoduje.\u00a0Populist\u00e9 nej\u010dast\u011bji \u00fato\u010d\u00ed na z\u00e1kladn\u00ed lidsk\u00e9 pudy, tedy pud sebez\u00e1chovy a rodi\u010dovsk\u00fd. To vid\u00edme v\u00a0kampan\u00edch s\u00a0hesly typu \u201eBezpe\u010dn\u011bj\u0161\u00ed sv\u011bt pro na\u0161e d\u011bti\u201c. Nutno je ale se zamyslet. Opravdu? Funk\u010dn\u00ed obdob\u00ed trv\u00e1 dle funkce 4-6 let. Pro na\u0161e d\u011bti toho tedy u\u017e moc neud\u011bl\u00e1.\u00a0D\u016fvodem je hlavn\u011b to, \u017ee politici obvykle preferuj\u00ed kr\u00e1tkodob\u00e9 c\u00edle p\u0159ed dlouhodob\u00fdmi. Je to z\u00a0jednoho prost\u00e9ho d\u016fvodu: aby byly v\u00fdsledky viditeln\u00e9 je\u0161t\u011b b\u011bhem jeho funk\u010dn\u00edho obdob\u00ed. T\u00edm budou moci uk\u00e1zat, \u017ee \u201en\u011bco\u201c ud\u011blali, a z\u00edskat tak bod v\u00a0dal\u0161\u00edch volb\u00e1ch. Pot\u00ed\u017e je, \u017ee v\u011bt\u0161ina dne\u0161n\u00edch probl\u00e9m\u016f, jako je glob\u00e1ln\u00ed zm\u011bna klimatu, k\u016frovcov\u00e1 kalamita, migra\u010dn\u00ed krize a dal\u0161\u00ed, vy\u017eaduje dlouhodob\u011bj\u0161\u00ed strategie, kter\u00e9 za\u010dnou n\u00e9st ovoce a\u017e za del\u0161\u00ed dobu, na co\u017e se nikomu nechce \u010dekat. Ani politikovi, ani voli\u010d\u016fm, kte\u0159\u00ed z\u00edskaj\u00ed pocit, \u017ee \u201eto, co ten politik prosadil, nefunguje.\u201c Nen\u00ed proto divu, \u017ee k\u00a0dlouhodob\u011bj\u0161\u00edm opat\u0159en\u00edm se sah\u00e1 a\u017e jako k\u00a0posledn\u00ed mo\u017enosti.\u00a0To ilustruje dal\u0161\u00ed dne\u0161n\u00ed probl\u00e9m. Zvykli jsme si m\u00edt v\u0161echno hned, nechceme na nic \u010dekat. Chceme\u00a0n\u011bjakou v\u011bc? Zajedeme pro ni do obchodu, koneckonc\u016f maj\u00ed otev\u0159eno i v\u00a0ned\u011bli. Nem\u00e1me na to dost pen\u011bz? Nevad\u00ed, sta\u010d\u00ed si p\u016fj\u010dit. Co na tom, \u017ee na \u00faroc\u00edch zaplat\u00edme t\u00e9m\u011b\u0159 je\u0161t\u011b jednou tolik, kolik jsme si p\u016fj\u010dili. Hlavn\u00ed je, \u017ee si pro vysn\u011bnou v\u011bc m\u016f\u017eeme jet hned, zvl\u00e1\u0161\u0165 kdy\u017e to je\u0161t\u011b maj\u00ed v\u00a0akci.\u00a0A to je \u0161koda. T\u00edm, \u017ee jsme se odnau\u010dili \u010dekat, se pomysln\u011b v\u00a0na\u0161ich o\u010d\u00edch hodnota t\u00e9 v\u011bci sni\u017euje. U\u017e to nen\u00ed n\u011bco, na co jsme \u0161et\u0159ili spoustu let a koupili si po dlouh\u00e9m p\u0159em\u00fd\u0161len\u00ed, ale v\u011bc, pro kterou jsme se v\u00a0okam\u017eiku rozhodli a hned jsme pro ni jeli. Na jablka u\u017e nemus\u00edme \u010dekat do podzimu a chodit denn\u011b pozorovat na\u0161i jablo\u0148, zda dob\u0159e roste, nebo se na n\u00ed neobjevili \u0161k\u016fdci. Nyn\u00ed si prost\u011b zajdeme do obchodu a vybereme si ze spousty odr\u016fd tu, kter\u00e1 n\u00e1m chutn\u00e1 nejv\u00edce, a to v\u00a0kter\u00e9koliv ro\u010dn\u00ed dob\u011b.\u00a0Jako ka\u017ed\u00fd probl\u00e9m i tyto maj\u00ed \u0159e\u0161en\u00ed. Je to nep\u0159em\u00fd\u0161let pouze v\u00a0kr\u00e1tkodob\u00fdch zisc\u00edch a p\u0159i sledov\u00e1n\u00ed televize \u010di politick\u00fdch debat se oprostit od emoc\u00ed a pou\u017e\u00edt m\u00edsto toho chladnou logiku. A tak\u00e9 procvi\u010dovat trp\u011blivost. A to m\u016f\u017ee ud\u011blat ka\u017ed\u00fd z\u00a0n\u00e1s.                                                                                                                                                                                                                                                                                                                                                                                        4.2\/5 - (6 votes)        "},{"@context":"https:\/\/schema.org\/","@type":"BreadcrumbList","itemListElement":[{"@type":"ListItem","position":1,"name":"Probl\u00e9my, kter\u00e9 tr\u00e1p\u00ed dne\u0161n\u00ed spole\u010dnost","item":"https:\/\/www.fkbm1909.cz\/problemy-ktere-trapi-dnesni-spolecnost\/#breadcrumbitem"}]}]