[{"@context":"https:\/\/schema.org\/","@type":"Article","@id":"https:\/\/www.fkbm1909.cz\/jist-se-musi\/#Article","mainEntityOfPage":"https:\/\/www.fkbm1909.cz\/jist-se-musi\/","headline":"J\u00edst se mus\u00ed","name":"J\u00edst se mus\u00ed","description":"Tak pr\u00fd na\u0161e ministerstvo zem\u011bd\u011blstv\u00ed chyst\u00e1 novelu z\u00e1kona o v\u00fdznamn\u00e9 tr\u017en\u00ed s\u00edle, kter\u00e1 je pr\u00e1v\u011b v\u00a0p\u0159ipom\u00ednkov\u00e9m \u0159\u00edzen\u00ed a m\u011bla by vstoupit v\u00a0platnost od roku 2021. A jak u\u017e tomu tak b\u00fdv\u00e1, pr\u00fd na ni jako obvykle doplat\u00ed p\u0159edev\u0161\u00edm oby\u010dejn\u00ed lid\u00e9. Podle t\u00e9to novely by se pr\u00fd m\u011bly zru\u0161it slevov\u00e9 akce na vybran\u00e9 zbo\u017e\u00ed ve velk\u00fdch [&hellip;]","datePublished":"2019-10-27","dateModified":"2023-05-05","author":{"@type":"Person","@id":"https:\/\/www.fkbm1909.cz\/author\/#Person","name":"","url":"https:\/\/www.fkbm1909.cz\/author\/","identifier":1,"image":{"@type":"ImageObject","@id":"https:\/\/secure.gravatar.com\/avatar\/b70ca3e57a61efa655568ea1bab21ec867ae74beaf8b182b9ca53fe6fcb8cee7?s=96&d=mm&r=g","url":"https:\/\/secure.gravatar.com\/avatar\/b70ca3e57a61efa655568ea1bab21ec867ae74beaf8b182b9ca53fe6fcb8cee7?s=96&d=mm&r=g","height":96,"width":96}},"publisher":{"@type":"Organization","name":"fkbm1909.cz","logo":{"@type":"ImageObject","@id":"\/logo.png","url":"\/logo.png","width":600,"height":60}},"image":{"@type":"ImageObject","@id":"https:\/\/www.fkbm1909.cz\/wp-content\/uploads\/img_a357618_w3894_t1572117800.jpg","url":"https:\/\/www.fkbm1909.cz\/wp-content\/uploads\/img_a357618_w3894_t1572117800.jpg","height":0,"width":0},"url":"https:\/\/www.fkbm1909.cz\/jist-se-musi\/","about":["Ekonomika"],"wordCount":445,"articleBody":"Tak pr\u00fd na\u0161e ministerstvo zem\u011bd\u011blstv\u00ed chyst\u00e1 novelu z\u00e1kona o v\u00fdznamn\u00e9 tr\u017en\u00ed s\u00edle, kter\u00e1 je pr\u00e1v\u011b v\u00a0p\u0159ipom\u00ednkov\u00e9m \u0159\u00edzen\u00ed a m\u011bla by vstoupit v\u00a0platnost od roku 2021. A jak u\u017e tomu tak b\u00fdv\u00e1, pr\u00fd na ni jako obvykle doplat\u00ed p\u0159edev\u0161\u00edm oby\u010dejn\u00ed lid\u00e9.\tPodle t\u00e9to novely by se pr\u00fd m\u011bly zru\u0161it slevov\u00e9 akce na vybran\u00e9 zbo\u017e\u00ed ve velk\u00fdch obchodn\u00edch \u0159et\u011bzc\u00edch. Obchodn\u00edci, kte\u0159\u00ed maj\u00ed tr\u017eby vy\u0161\u0161\u00ed ne\u017e p\u011bt miliard korun, by tak nesm\u011bli uzav\u00edrat podez\u0159el\u00e9 dohody s\u00a0v\u00fdrobci a dodavateli a nab\u00edzet n\u011bkter\u00e9 zbo\u017e\u00ed za ak\u010dn\u00ed ceny. Proto\u017ee to mimo jin\u00e9 po\u0161kozuje i \u010desk\u00e9 v\u00fdrobce, kte\u0159\u00ed nedok\u00e1\u017eou soupe\u0159it s modern\u011bj\u0161\u00ed konkurenc\u00ed.\tCo to znamen\u00e1 v\u00a0praxi? Pokud k\u00a0tomu dojde, skon\u010d\u00ed r\u016fzn\u00e9 slevy. Na co\u017e podle prezidenta Svazu obchodu a cestovn\u00edho ruchu \u010cesk\u00e9 republiky Tom\u00e1\u0161e Prouzy doplat\u00ed zejm\u00e9na chud\u0161\u00ed vrstvy \u010desk\u00e9 spole\u010dnosti, nap\u0159\u00edklad d\u016fchodci, kte\u0159\u00ed jsou nejednou na slev\u00e1ch bytostn\u011b z\u00e1visl\u00ed. A aby to nebylo m\u00e1lo, m\u00e1 se tak st\u00e1t pr\u00e1v\u011b v\u00a0roce 2021, kdy se o\u010dek\u00e1v\u00e1 stagnace \u010desk\u00e9 ekonomiky a s\u00a0t\u00edm spojen\u00e9 finan\u010dn\u00ed probl\u00e9my lid\u00ed, kter\u00fdm za\u010dnou chyb\u011bt pen\u00edze.\tA doplat\u00ed pr\u00fd na to nejen chud\u00ed lid\u00e9. Obchodn\u00edci a jejich dodavatel\u00e9 si kv\u016fli tomu z\u00e1kazu nebudou moci cenov\u011b konkurovat, co\u017e negativn\u011b ovlivn\u00ed tr\u017en\u00ed hospod\u00e1\u0159stv\u00ed, stoj\u00edc\u00ed pr\u00e1v\u011b na konkurenci. Kdy\u017e se nebudou moci dohodnout dodavatel\u00e9 a obchodn\u00edci o mno\u017estevn\u00edch slev\u00e1ch nebo rozvozu v\u00fdrobk\u016f na prodejny, kdy\u017e se nebudou moci d\u011blit o n\u00e1klady na reklamu a marketing, budou citeln\u011b po\u0161kozena jejich pr\u00e1va.\t\tAle hlavn\u011b se to m\u00e1 dotknout z\u00e1kazn\u00edk\u016f. Proto\u017ee ti pr\u00fd loni nakoupili 56 % z\u00a0ve\u0161ker\u00e9ho prodan\u00e9ho rychloobr\u00e1tkov\u00e9ho zbo\u017e\u00ed pr\u00e1v\u011b v akci. A pokud jim bude tato mo\u017enost up\u0159ena, kdo v\u00ed, kolik a \u010deho si budou moci dovolit nakoupit pak.\tPan prezident Svazu obchodu a cestovn\u00edho ruchu \u010cesk\u00e9 republiky se tak pustil do boje za pr\u00e1va na\u0161ich chud\u00fdch. Je proti ru\u0161en\u00ed prodejn\u00edch akc\u00ed, aby se tito lid\u00e9 m\u011bli l\u00e9pe. \u010c\u00edm\u017e je tak trochu i J\u00e1no\u0161\u00edk. Proto\u017ee je jasn\u00e9, \u017ee ani obchodn\u00edk zadarmo nehrabe. A co je p\u0159ehnan\u011b levn\u00e9 v\u00a0akci, to se mus\u00ed vykompenzovat p\u0159edra\u017een\u00edm jinde. Tak\u017ee chce, aby se i nad\u00e1le bohat\u00fdm bralo a chud\u00fdm d\u00e1valo. Ak\u010dn\u011b.                                                                                                                                                                                                                                                                                                                                                                                        4.3\/5 - (15 votes)        "},{"@context":"https:\/\/schema.org\/","@type":"BreadcrumbList","itemListElement":[{"@type":"ListItem","position":1,"name":"J\u00edst se mus\u00ed","item":"https:\/\/www.fkbm1909.cz\/jist-se-musi\/#breadcrumbitem"}]}]